{"id":2715,"date":"2019-06-04T15:07:37","date_gmt":"2019-06-04T15:07:37","guid":{"rendered":"https:\/\/adx.losacentos.com\/gas-en-portugal\/"},"modified":"2023-06-20T12:02:57","modified_gmt":"2023-06-20T12:02:57","slug":"gas-en-portugal","status":"publish","type":"post","link":"https:\/\/adx.losacentos.com\/en\/gas-en-portugal\/","title":{"rendered":"Gas en Portugal"},"content":{"rendered":"<p><img decoding=\"async\" class=\"adx_img_post\" src=\"https:\/\/www.audaxrenovables.es\/uploads\/2019\/06\/04\/3dae8fc5125aeae6bfd71554fd73639c.jpg\"><\/p>\n<h1 class=\"adx_tit_post\">Gas en Portugal<\/h1>\n<p>La comercializadora de energ\u00eda el\u00e9ctrica Audax Energ\u00eda, presente en Portugal desde 2013, se afianza en el mercado energ\u00e9tico portugu\u00e9s comercializando gas a empresas y hogares<\/p>\n<p>Audax Energ\u00eda, empresa de capital 100% espa\u00f1ol, entr\u00f3 en Portugal el tercer trimestre de 2013 comercializando electricidad y actualmente ocupa ya la 7\u00aa posici\u00f3n en el mercado el\u00e9ctrico portugu\u00e9s, con m\u00e1s de 4.000 clientes. Con sede en Lisboa, Audax Energ\u00eda Portugal comercializa electricidad por todo el territorio luso y en Junio de 2015 ha obtenido licencia para comercializar tambi\u00e9n gas natural.<\/p>\n<p>Audax Energ\u00eda ofrecer\u00e1 gas de baja presi\u00f3n que est\u00e1 dirigido a hogares, negocios y pymes y tambi\u00e9n gas de media presi\u00f3n, que est\u00e1 enfocado a empresas con elevadas necesidades energ\u00e9ticas.<\/p>\n<p>Con el inicio de la comercializaci\u00f3n de gas Audax Energ\u00eda prev\u00e9 consolidarse en 2016 como un referente en el sector energ\u00e9tico portugu\u00e9s, consiguiendo duplicar la facturaci\u00f3n de 2015. La comercializadora, que tambi\u00e9n est\u00e1 presente en Italia y Alemania, tiene como objetivo seguir creciendo internacionalmente con la entrada a corto plazo en otros 3 pa\u00edses de la Uni\u00f3n Europea.<\/p>\n<p>Audax Energ\u00eda apuesta por dar un servicio de calidad, ofreciendo una atenci\u00f3n al cliente \u00e1gil, un trato cercano y unos precios muy competitivos. La innovaci\u00f3n constante y los nuevos productos han permitido a Audax Energ\u00eda situarse en la 8\u00aa posici\u00f3n en el mercado el\u00e9ctrico espa\u00f1ol con m\u00e1s de 55.000 clientes y seguir expandi\u00e9ndose internacionalmente.<\/p>","protected":false},"excerpt":{"rendered":"<p>Gas en Portugal La comercializadora de energ\u00eda el\u00e9ctrica Audax Energ\u00eda, presente en Portugal desde 2013, se afianza en el mercado energ\u00e9tico portugu\u00e9s comercializando gas a empresas y hogares Audax Energ\u00eda, empresa de capital 100% espa\u00f1ol, entr\u00f3 en Portugal el tercer trimestre de 2013 comercializando electricidad y actualmente ocupa ya la 7\u00aa posici\u00f3n en el mercado [&hellip;]<\/p>","protected":false},"author":1,"featured_media":2714,"comment_status":"closed","ping_status":"open","sticky":false,"template":"","format":"standard","meta":{"footnotes":""},"categories":[1],"tags":[],"class_list":["post-2715","post","type-post","status-publish","format-standard","has-post-thumbnail","hentry","category-sin-categoria"],"yoast_head":"<!-- This site is optimized with the Yoast SEO plugin v20.12 - https:\/\/yoast.com\/wordpress\/plugins\/seo\/ -->\n<title>Gas en Portugal<\/title>\n<meta name=\"description\" content=\"Audax Energ?a entra en el mercado de Gas en Portugal\" \/>\n<meta name=\"robots\" content=\"noindex, follow, max-snippet:-1, max-image-preview:large, max-video-preview:-1\" \/>\n<meta property=\"og:locale\" content=\"en_GB\" \/>\n<meta property=\"og:type\" content=\"article\" \/>\n<meta property=\"og:title\" content=\"Gas en Portugal\" \/>\n<meta property=\"og:description\" content=\"Audax Energ?a entra en el mercado de Gas en Portugal\" \/>\n<meta property=\"og:url\" content=\"https:\/\/adx.losacentos.com\/en\/gas-en-portugal\/\" \/>\n<meta property=\"og:site_name\" content=\"Audax Renovables\" \/>\n<meta property=\"article:published_time\" content=\"2019-06-04T15:07:37+00:00\" \/>\n<meta property=\"article:modified_time\" content=\"2023-06-20T12:02:57+00:00\" \/>\n<meta property=\"og:image\" content=\"https:\/\/adx.losacentos.com\/wp-content\/uploads\/2023\/06\/00058.jpg.jpg\" \/>\n\t<meta property=\"og:image:width\" content=\"370\" \/>\n\t<meta property=\"og:image:height\" content=\"227\" \/>\n\t<meta property=\"og:image:type\" content=\"image\/jpeg\" \/>\n<meta name=\"author\" content=\"adminadx\" \/>\n<meta name=\"twitter:card\" content=\"summary_large_image\" \/>\n<meta name=\"twitter:label1\" content=\"Written by\" \/>\n\t<meta name=\"twitter:data1\" content=\"adminadx\" \/>\n\t<meta name=\"twitter:label2\" content=\"Estimated reading time\" \/>\n\t<meta name=\"twitter:data2\" content=\"2 minutes\" \/>\n<script type=\"application\/ld+json\" class=\"yoast-schema-graph\">{\"@context\":\"https:\/\/schema.org\",\"@graph\":[{\"@type\":\"WebPage\",\"@id\":\"https:\/\/adx.losacentos.com\/gas-en-portugal\/\",\"url\":\"https:\/\/adx.losacentos.com\/gas-en-portugal\/\",\"name\":\"Gas en Portugal\",\"isPartOf\":{\"@id\":\"https:\/\/adx.losacentos.com\/#website\"},\"datePublished\":\"2019-06-04T15:07:37+00:00\",\"dateModified\":\"2023-06-20T12:02:57+00:00\",\"author\":{\"@id\":\"https:\/\/adx.losacentos.com\/#\/schema\/person\/db6b7f79cd17ee02e931f9cde9b91e1a\"},\"description\":\"Audax Energ?a entra en el mercado de Gas en Portugal\",\"breadcrumb\":{\"@id\":\"https:\/\/adx.losacentos.com\/gas-en-portugal\/#breadcrumb\"},\"inLanguage\":\"en-GB\",\"potentialAction\":[{\"@type\":\"ReadAction\",\"target\":[\"https:\/\/adx.losacentos.com\/gas-en-portugal\/\"]}]},{\"@type\":\"BreadcrumbList\",\"@id\":\"https:\/\/adx.losacentos.com\/gas-en-portugal\/#breadcrumb\",\"itemListElement\":[{\"@type\":\"ListItem\",\"position\":1,\"name\":\"Portada\",\"item\":\"https:\/\/adx.losacentos.com\/\"},{\"@type\":\"ListItem\",\"position\":2,\"name\":\"Gas en Portugal\"}]},{\"@type\":\"WebSite\",\"@id\":\"https:\/\/adx.losacentos.com\/#website\",\"url\":\"https:\/\/adx.losacentos.com\/\",\"name\":\"Audax Renovables\",\"description\":\"Compa\u00f1\u00eda independiente dedicada a la producci\u00f3n de energ\u00eda el\u00e9ctrica a partir de fuentes de energ\u00eda 100% renovables\",\"potentialAction\":[{\"@type\":\"SearchAction\",\"target\":{\"@type\":\"EntryPoint\",\"urlTemplate\":\"https:\/\/adx.losacentos.com\/?s={search_term_string}\"},\"query-input\":\"required name=search_term_string\"}],\"inLanguage\":\"en-GB\"},{\"@type\":\"Person\",\"@id\":\"https:\/\/adx.losacentos.com\/#\/schema\/person\/db6b7f79cd17ee02e931f9cde9b91e1a\",\"name\":\"adminadx\",\"image\":{\"@type\":\"ImageObject\",\"inLanguage\":\"en-GB\",\"@id\":\"https:\/\/adx.losacentos.com\/#\/schema\/person\/image\/\",\"url\":\"https:\/\/secure.gravatar.com\/avatar\/7f33de806cdc27a960d683a963dc1b85c04df580ef77fbcd8dea33c53217088d?s=96&d=mm&r=g\",\"contentUrl\":\"https:\/\/secure.gravatar.com\/avatar\/7f33de806cdc27a960d683a963dc1b85c04df580ef77fbcd8dea33c53217088d?s=96&d=mm&r=g\",\"caption\":\"adminadx\"},\"sameAs\":[\"https:\/\/adx.losacentos.com\"],\"url\":\"https:\/\/adx.losacentos.com\/en\/author\/adminadx\/\"}]}<\/script>\n<!-- \/ Yoast SEO plugin. -->","yoast_head_json":{"title":"Gas en Portugal","description":"Audax Energ?a entra en el mercado de Gas en Portugal","robots":{"index":"noindex","follow":"follow","max-snippet":"max-snippet:-1","max-image-preview":"max-image-preview:large","max-video-preview":"max-video-preview:-1"},"og_locale":"en_GB","og_type":"article","og_title":"Gas en Portugal","og_description":"Audax Energ?a entra en el mercado de Gas en Portugal","og_url":"https:\/\/adx.losacentos.com\/en\/gas-en-portugal\/","og_site_name":"Audax Renovables","article_published_time":"2019-06-04T15:07:37+00:00","article_modified_time":"2023-06-20T12:02:57+00:00","og_image":[{"width":370,"height":227,"url":"https:\/\/adx.losacentos.com\/wp-content\/uploads\/2023\/06\/00058.jpg.jpg","type":"image\/jpeg"}],"author":"adminadx","twitter_card":"summary_large_image","twitter_misc":{"Written by":"adminadx","Estimated reading time":"2 minutes"},"schema":{"@context":"https:\/\/schema.org","@graph":[{"@type":"WebPage","@id":"https:\/\/adx.losacentos.com\/gas-en-portugal\/","url":"https:\/\/adx.losacentos.com\/gas-en-portugal\/","name":"Gas en Portugal","isPartOf":{"@id":"https:\/\/adx.losacentos.com\/#website"},"datePublished":"2019-06-04T15:07:37+00:00","dateModified":"2023-06-20T12:02:57+00:00","author":{"@id":"https:\/\/adx.losacentos.com\/#\/schema\/person\/db6b7f79cd17ee02e931f9cde9b91e1a"},"description":"Audax Energ?a entra en el mercado de Gas en Portugal","breadcrumb":{"@id":"https:\/\/adx.losacentos.com\/gas-en-portugal\/#breadcrumb"},"inLanguage":"en-GB","potentialAction":[{"@type":"ReadAction","target":["https:\/\/adx.losacentos.com\/gas-en-portugal\/"]}]},{"@type":"BreadcrumbList","@id":"https:\/\/adx.losacentos.com\/gas-en-portugal\/#breadcrumb","itemListElement":[{"@type":"ListItem","position":1,"name":"Portada","item":"https:\/\/adx.losacentos.com\/"},{"@type":"ListItem","position":2,"name":"Gas en Portugal"}]},{"@type":"WebSite","@id":"https:\/\/adx.losacentos.com\/#website","url":"https:\/\/adx.losacentos.com\/","name":"Audax Renovables","description":"Compa\u00f1\u00eda independiente dedicada a la producci\u00f3n de energ\u00eda el\u00e9ctrica a partir de fuentes de energ\u00eda 100% renovables","potentialAction":[{"@type":"SearchAction","target":{"@type":"EntryPoint","urlTemplate":"https:\/\/adx.losacentos.com\/?s={search_term_string}"},"query-input":"required name=search_term_string"}],"inLanguage":"en-GB"},{"@type":"Person","@id":"https:\/\/adx.losacentos.com\/#\/schema\/person\/db6b7f79cd17ee02e931f9cde9b91e1a","name":"adminadx","image":{"@type":"ImageObject","inLanguage":"en-GB","@id":"https:\/\/adx.losacentos.com\/#\/schema\/person\/image\/","url":"https:\/\/secure.gravatar.com\/avatar\/7f33de806cdc27a960d683a963dc1b85c04df580ef77fbcd8dea33c53217088d?s=96&d=mm&r=g","contentUrl":"https:\/\/secure.gravatar.com\/avatar\/7f33de806cdc27a960d683a963dc1b85c04df580ef77fbcd8dea33c53217088d?s=96&d=mm&r=g","caption":"adminadx"},"sameAs":["https:\/\/adx.losacentos.com"],"url":"https:\/\/adx.losacentos.com\/en\/author\/adminadx\/"}]}},"_links":{"self":[{"href":"https:\/\/adx.losacentos.com\/en\/wp-json\/wp\/v2\/posts\/2715","targetHints":{"allow":["GET"]}}],"collection":[{"href":"https:\/\/adx.losacentos.com\/en\/wp-json\/wp\/v2\/posts"}],"about":[{"href":"https:\/\/adx.losacentos.com\/en\/wp-json\/wp\/v2\/types\/post"}],"author":[{"embeddable":true,"href":"https:\/\/adx.losacentos.com\/en\/wp-json\/wp\/v2\/users\/1"}],"replies":[{"embeddable":true,"href":"https:\/\/adx.losacentos.com\/en\/wp-json\/wp\/v2\/comments?post=2715"}],"version-history":[{"count":1,"href":"https:\/\/adx.losacentos.com\/en\/wp-json\/wp\/v2\/posts\/2715\/revisions"}],"predecessor-version":[{"id":2905,"href":"https:\/\/adx.losacentos.com\/en\/wp-json\/wp\/v2\/posts\/2715\/revisions\/2905"}],"wp:featuredmedia":[{"embeddable":true,"href":"https:\/\/adx.losacentos.com\/en\/wp-json\/wp\/v2\/media\/2714"}],"wp:attachment":[{"href":"https:\/\/adx.losacentos.com\/en\/wp-json\/wp\/v2\/media?parent=2715"}],"wp:term":[{"taxonomy":"category","embeddable":true,"href":"https:\/\/adx.losacentos.com\/en\/wp-json\/wp\/v2\/categories?post=2715"},{"taxonomy":"post_tag","embeddable":true,"href":"https:\/\/adx.losacentos.com\/en\/wp-json\/wp\/v2\/tags?post=2715"}],"curies":[{"name":"wp","href":"https:\/\/api.w.org\/{rel}","templated":true}]}}